{"id":2700,"date":"2024-09-21T13:05:06","date_gmt":"2024-09-21T13:05:06","guid":{"rendered":"https:\/\/vintagemimarlik.com\/?p=2700"},"modified":"2024-09-21T13:05:08","modified_gmt":"2024-09-21T13:05:08","slug":"fuar-katilimlarinda-kongreler-zirveler-ve-toplu-firma-standlari-nasil-kurulur","status":"publish","type":"post","link":"https:\/\/vintagemimarlik.com\/ru\/2024\/09\/21\/fuar-katilimlarinda-kongreler-zirveler-ve-toplu-firma-standlari-nasil-kurulur\/","title":{"rendered":"Fuar Kat\u0131l\u0131mlar\u0131nda Kongreler, Zirveler ve Toplu Firma Standlar\u0131 Nas\u0131l Kurulur?"},"content":{"rendered":"<h3 class=\"wp-block-heading\">Fuar Kat\u0131l\u0131mlar\u0131nda Kongreler, Zirveler ve Toplu Firma Standlar\u0131 Nas\u0131l Kurulur?<\/h3><p>Fuar kat\u0131l\u0131mlar\u0131, firmalar i\u00e7in \u00f6nemli bir pazarlama ve ileti\u015fim platformu sunar. Ancak fuar kat\u0131l\u0131m\u0131 sadece bireysel standlardan ibaret de\u011fildir; kongreler, zirveler ve toplu firma standlar\u0131 gibi b\u00fcy\u00fck \u00f6l\u00e7ekli etkinliklerde yer almak, daha geni\u015f bir kitleye ula\u015fman\u0131z\u0131 ve i\u015f birli\u011fi f\u0131rsatlar\u0131n\u0131 art\u0131rman\u0131z\u0131 sa\u011flar. Bu t\u00fcr organizasyonlar\u0131n planlanmas\u0131, y\u00f6netimi ve kurulumu, bir\u00e7ok detay\u0131 i\u00e7eren karma\u015f\u0131k bir s\u00fcre\u00e7tir. \u0130\u015fte fuar kat\u0131l\u0131mlar\u0131nda kongre, zirve ve toplu firma standlar\u0131n\u0131n nas\u0131l kurulaca\u011f\u0131na dair kapsaml\u0131 bir rehber:<\/p><h4 class=\"wp-block-heading\">1.&nbsp;<strong>Etkinli\u011fin Amac\u0131n\u0131 ve Hedefini Belirleme<\/strong><\/h4><p>Bir kongre, zirve veya toplu firma stand\u0131 kurulumuna ba\u015flamadan \u00f6nce etkinli\u011fin amac\u0131n\u0131 net bir \u015fekilde belirlemek \u00f6nemlidir. Bu, etkinli\u011fin hedef kitlesini, sunulacak i\u00e7erikleri ve ba\u015far\u0131 \u00f6l\u00e7\u00fctlerini \u015fekillendirecektir.<\/p><ul class=\"wp-block-list\"><li><strong>Kongreler:<\/strong>\u00a0Genellikle sekt\u00f6rel bilgi al\u0131\u015fveri\u015fini te\u015fvik eden, uzman konu\u015fmac\u0131lar\u0131n kat\u0131l\u0131m\u0131yla ger\u00e7ekle\u015fen etkinliklerdir. Bu t\u00fcr etkinliklerde, kat\u0131l\u0131mc\u0131lara bilgi sa\u011flama ve yeni geli\u015fmeler hakk\u0131nda fark\u0131ndal\u0131k yaratma ama\u00e7lan\u0131r.<\/li>\n\n<li><strong>Zirveler:<\/strong>\u00a0Zirveler, genellikle sekt\u00f6r liderlerinin ve karar vericilerin kat\u0131ld\u0131\u011f\u0131, stratejik i\u015f birli\u011fi ve geli\u015fmelerin konu\u015fuldu\u011fu toplant\u0131lard\u0131r. Ama\u00e7, sekt\u00f6rdeki yenilikler hakk\u0131nda derinlemesine tart\u0131\u015fmalar y\u00fcr\u00fctmek ve i\u015f birli\u011fi f\u0131rsatlar\u0131n\u0131 ara\u015ft\u0131rmakt\u0131r.<\/li>\n\n<li><strong>Toplu Firma Standlar\u0131:<\/strong>\u00a0Bir grup firman\u0131n ortak bir alanda yer ald\u0131\u011f\u0131, i\u015f birli\u011fi ve sekt\u00f6rel dayan\u0131\u015fman\u0131n sergilendi\u011fi alanlard\u0131r. Bu t\u00fcr alanlar, firmalar aras\u0131nda sinerji yaratmay\u0131 ve kolektif bir tan\u0131t\u0131m g\u00fcc\u00fc elde etmeyi hedefler.<\/li><\/ul><p>Etkinli\u011fin amac\u0131 do\u011frultusunda, kurulum s\u00fcreci daha etkili bir \u015fekilde planlanabilir. Kat\u0131l\u0131mc\u0131 profili, i\u00e7erik ve sunum tarz\u0131 buna g\u00f6re \u015fekillendirilmelidir.<\/p><h4 class=\"wp-block-heading\">2.&nbsp;<strong>Alan Planlamas\u0131 ve Yerle\u015fim D\u00fczeni<\/strong><\/h4><p>Fuarlar ve kongrelerde ba\u015far\u0131l\u0131 bir kurulumun anahtar\u0131, alan\u0131n verimli kullan\u0131lmas\u0131d\u0131r. Etkinli\u011fin t\u00fcr\u00fcne g\u00f6re farkl\u0131 yerle\u015fim d\u00fczenleri gerekebilir:<\/p><ul class=\"wp-block-list\"><li><strong>Kongreler i\u00e7in Yerle\u015fim:<\/strong>\u00a0Kongrelerde genellikle konu\u015fmac\u0131lar\u0131n sahnede yer ald\u0131\u011f\u0131 ve kat\u0131l\u0131mc\u0131lar\u0131n dinleyici olarak yer ald\u0131\u011f\u0131 bir d\u00fczen kullan\u0131l\u0131r. Sahne arka plan\u0131, ses sistemi, projeksiyon ekranlar\u0131 ve oturma d\u00fczeni, kat\u0131l\u0131mc\u0131lar\u0131n hem sahneye hem de sunumlara kolayca odaklanmas\u0131n\u0131 sa\u011flayacak \u015fekilde d\u00fczenlenmelidir.<\/li>\n\n<li><strong>Zirveler i\u00e7in Yerle\u015fim:<\/strong>\u00a0Zirveler daha interaktif olabilir. Genellikle yuvarlak masa oturumlar\u0131, panel tart\u0131\u015fmalar\u0131 ve k\u00fc\u00e7\u00fck grup g\u00f6r\u00fc\u015fmeleri ile desteklenir. Bu nedenle daha esnek bir oturma d\u00fczeni ve toplant\u0131 alanlar\u0131 planlanmal\u0131d\u0131r. Teknoloji altyap\u0131s\u0131, interaktif sunumlar ve networking alanlar\u0131 da bu etkinliklerde \u00f6nemli rol oynar.<\/li>\n\n<li><strong>Toplu Firma Standlar\u0131 i\u00e7in Yerle\u015fim:<\/strong>\u00a0Birden fazla firman\u0131n ayn\u0131 alanda yer ald\u0131\u011f\u0131 toplu standlarda her firman\u0131n kendi markas\u0131n\u0131 temsil eden bir alan\u0131 olmal\u0131d\u0131r. Ayn\u0131 zamanda, genel bir temay\u0131 yans\u0131tan, ortak bir tasar\u0131m diline sahip d\u00fczen olu\u015fturulmal\u0131d\u0131r. Standlar aras\u0131 mesafeler, ziyaret\u00e7ilerin rahat dola\u015fmas\u0131n\u0131 sa\u011flayacak \u015fekilde d\u00fczenlenmeli ve firmalar aras\u0131nda sinerji yaratacak ortak alanlar planlanmal\u0131d\u0131r.<\/li><\/ul><h4 class=\"wp-block-heading\">3.&nbsp;<strong>Teknolojik Altyap\u0131 ve Donan\u0131m<\/strong><\/h4><p>Kongreler, zirveler ve toplu firma standlar\u0131 i\u00e7in teknolojik altyap\u0131 b\u00fcy\u00fck \u00f6nem ta\u015f\u0131r. Hem g\u00f6rsel-i\u015fitsel sunumlar hem de kat\u0131l\u0131mc\u0131larla etkili ileti\u015fim i\u00e7in bu altyap\u0131n\u0131n kusursuz olmas\u0131 gerekir:<\/p><ul class=\"wp-block-list\"><li><strong>G\u00f6rsel ve \u0130\u015fitsel Ekipmanlar:<\/strong>\u00a0Ses sistemleri, mikrofonlar, projeksiyon cihazlar\u0131 ve LED ekranlar kongre ve zirve etkinliklerinde en \u00e7ok kullan\u0131lan ekipmanlard\u0131r. G\u00f6r\u00fcnt\u00fc ve ses kalitesinin y\u00fcksek olmas\u0131, kat\u0131l\u0131mc\u0131lar\u0131n deneyimini b\u00fcy\u00fck \u00f6l\u00e7\u00fcde etkiler.<\/li>\n\n<li><strong>Dijital Etkile\u015fim Alanlar\u0131:<\/strong>\u00a0Zirvelerde ve toplu firma standlar\u0131nda, dijital ekranlar, interaktif dokunmatik paneller, AR\/VR uygulamalar\u0131 gibi teknolojik \u00e7\u00f6z\u00fcmler kullan\u0131labilir. Bu sayede kat\u0131l\u0131mc\u0131lar, firmalar\u0131n \u00fcr\u00fcn ve hizmetlerini daha yak\u0131ndan tan\u0131yabilir.<\/li>\n\n<li><strong>Networking Uygulamalar\u0131:<\/strong>\u00a0\u00d6zellikle zirvelerde, kat\u0131l\u0131mc\u0131lar aras\u0131nda etkile\u015fimi art\u0131rmak i\u00e7in mobil uygulamalar, canl\u0131 anketler ve networking platformlar\u0131 gibi dijital ara\u00e7lar sunmak faydal\u0131 olabilir. Kat\u0131l\u0131mc\u0131lar\u0131n birbirleriyle kolayca ileti\u015fime ge\u00e7ebilmesi, etkinli\u011fin ba\u015far\u0131s\u0131n\u0131 art\u0131r\u0131r.<\/li><\/ul><h4 class=\"wp-block-heading\">4.&nbsp;<strong>Tasar\u0131m ve Dekorasyon<\/strong><\/h4><p>Kongreler, zirveler ve toplu firma standlar\u0131 i\u00e7in g\u00f6rsel tasar\u0131m ve dekorasyon, kat\u0131l\u0131mc\u0131lar\u0131n ilk izlenimlerini \u015fekillendiren \u00f6nemli bir fakt\u00f6rd\u00fcr. Bu t\u00fcr etkinliklerde, hem firma kimli\u011fini yans\u0131tan hem de profesyonel bir atmosfer sunan tasar\u0131mlar tercih edilmelidir:<\/p><ul class=\"wp-block-list\"><li><strong>Kongre ve Zirve Tasar\u0131m\u0131:<\/strong>\u00a0Kongreler ve zirveler genellikle daha resmi bir atmosfere sahiptir, bu y\u00fczden tasar\u0131mda profesyonel ve sade bir yakla\u015f\u0131m benimsenmelidir. Minimalist dekorasyon, sahne ve arka plan tasar\u0131mlar\u0131nda da tercih edilmelidir. Renk paleti ve g\u00f6rsel materyaller, etkinli\u011fin genel temas\u0131na uyumlu olmal\u0131d\u0131r.<\/li>\n\n<li><strong>Toplu Firma Standlar\u0131n\u0131n Tasar\u0131m\u0131:<\/strong>\u00a0Birden fazla firman\u0131n yer ald\u0131\u011f\u0131 alanlarda, her firma kendine \u00f6zg\u00fc tasar\u0131mlar kullanmal\u0131d\u0131r, ancak genel alan\u0131n b\u00fct\u00fcnl\u00fc\u011f\u00fc korunmal\u0131d\u0131r. Farkl\u0131 firmalar\u0131n standlar\u0131n\u0131n bir arada oldu\u011fu bu t\u00fcr alanlarda, tasar\u0131mda uyum sa\u011flamak i\u00e7in belirli renk \u015femalar\u0131 veya tema bazl\u0131 dekoratif unsurlar kullan\u0131labilir.<\/li><\/ul><h4 class=\"wp-block-heading\">5.&nbsp;<strong>Kurulum ve Lojistik Y\u00f6netimi<\/strong><\/h4><p>Bu t\u00fcr b\u00fcy\u00fck \u00f6l\u00e7ekli etkinliklerin ba\u015far\u0131l\u0131 olmas\u0131 i\u00e7in&nbsp;<strong>kurulum s\u00fcreci<\/strong>&nbsp;ve lojistik y\u00f6netimi kritik \u00f6neme sahiptir. Etkinlik alan\u0131n\u0131n b\u00fcy\u00fckl\u00fc\u011f\u00fc, ekipmanlar\u0131n ta\u015f\u0131nmas\u0131, kurulumu ve zaman\u0131nda haz\u0131rlanmas\u0131 i\u00e7in detayl\u0131 bir planlama gereklidir:<\/p><ul class=\"wp-block-list\"><li><strong>Zaman Y\u00f6netimi:<\/strong>\u00a0Etkinli\u011fin ba\u015flamas\u0131ndan \u00f6nce t\u00fcm donan\u0131m ve dekorasyonun haz\u0131r olmas\u0131 gerekir. Bu y\u00fczden, kurulum takvimi belirlenmeli ve zaman y\u00f6netimi plan\u0131 olu\u015fturulmal\u0131d\u0131r. \u00d6zellikle b\u00fcy\u00fck ekipmanlar\u0131n ta\u015f\u0131nmas\u0131 ve yerle\u015ftirilmesi zaman alabilir.<\/li>\n\n<li><strong>Koordinasyon:<\/strong>\u00a0Fuar organizat\u00f6rleri, kongre y\u00f6neticileri ve toplu firma stand\u0131ndaki firmalar aras\u0131nda koordinasyon sa\u011flanmal\u0131d\u0131r. Her firman\u0131n ihtiya\u00e7lar\u0131na g\u00f6re ekipman ve alan d\u00fczenlemesi yap\u0131lmal\u0131, sorunlar an\u0131nda \u00e7\u00f6z\u00fclmelidir.<\/li>\n\n<li><strong>Ta\u015f\u0131ma ve Depolama:<\/strong>\u00a0Standlar, dekoratif malzemeler, teknolojik ekipmanlar gibi bir\u00e7ok unsurun g\u00fcvenli bir \u015fekilde ta\u015f\u0131nmas\u0131 ve kurulumu sa\u011flanmal\u0131d\u0131r. Etkinlik s\u00fcresince ihtiya\u00e7 duyulabilecek yedek par\u00e7alar veya ekipmanlar i\u00e7in bir depolama alan\u0131 da planlanabilir.<\/li><\/ul><h4 class=\"wp-block-heading\">6.&nbsp;<strong>Kat\u0131l\u0131mc\u0131 Deneyimini Art\u0131racak Ekstra Hizmetler<\/strong><\/h4><p>Kongreler, zirveler ve toplu firma standlar\u0131nda kat\u0131l\u0131mc\u0131 deneyimini art\u0131racak ek hizmetler sunmak, etkinli\u011fin kalitesini y\u00fckseltir. Bu hizmetler, etkinli\u011fin daha ak\u0131lda kal\u0131c\u0131 ve etkileyici olmas\u0131n\u0131 sa\u011flar:<\/p><ul class=\"wp-block-list\"><li><strong>\u0130kram Hizmetleri:<\/strong>\u00a0Uzun s\u00fcreli etkinliklerde, kat\u0131l\u0131mc\u0131lara ikram hizmeti sunmak \u00f6nemlidir. Kafe alanlar\u0131, k\u00fc\u00e7\u00fck dinlenme k\u00f6\u015feleri ve catering hizmetleri kat\u0131l\u0131mc\u0131lar\u0131n rahatlamas\u0131na ve etkinlikten keyif almas\u0131na katk\u0131 sa\u011flar.<\/li>\n\n<li><strong>Kay\u0131t ve Dan\u0131\u015fma Hizmetleri:<\/strong>\u00a0B\u00fcy\u00fck etkinliklerde, giri\u015f ve kay\u0131t i\u015flemlerinin sorunsuz ilerlemesi i\u00e7in profesyonel bir kar\u015f\u0131lama ekibi olu\u015fturulmal\u0131d\u0131r. Dan\u0131\u015fma noktalar\u0131, kat\u0131l\u0131mc\u0131lar\u0131n sorular\u0131n\u0131 cevaplayabilecek \u015fekilde d\u00fczenlenmelidir.<\/li>\n\n<li><strong>Wi-Fi ve \u015earj \u0130stasyonlar\u0131:<\/strong>\u00a0Teknolojiye ba\u011fl\u0131 etkinliklerde, kat\u0131l\u0131mc\u0131lar\u0131n internet eri\u015fimi sa\u011flayabilmesi i\u00e7in g\u00fc\u00e7l\u00fc bir Wi-Fi a\u011f\u0131 kurulmal\u0131d\u0131r. Ayr\u0131ca, \u015farj istasyonlar\u0131 gibi k\u00fc\u00e7\u00fck ama faydal\u0131 hizmetler sunmak da kat\u0131l\u0131mc\u0131lar i\u00e7in avantaj sa\u011flar.<\/li><\/ul><hr class=\"wp-block-separator has-alpha-channel-opacity\"\/><h3 class=\"wp-block-heading\">Sonu\u00e7<\/h3><p>Fuar kat\u0131l\u0131mlar\u0131nda kongreler, zirveler ve toplu firma standlar\u0131 gibi etkinlikler, firmalar\u0131n sekt\u00f6rdeki konumlar\u0131n\u0131 g\u00fc\u00e7lendirmeleri ve yeni i\u015f f\u0131rsatlar\u0131 yaratmalar\u0131 i\u00e7in b\u00fcy\u00fck bir platform sunar. Bu t\u00fcr organizasyonlar\u0131n kurulumu, dikkatli bir planlama, i\u015flevsel bir yerle\u015fim ve kat\u0131l\u0131mc\u0131 deneyimini g\u00f6z \u00f6n\u00fcnde bulunduran bir tasar\u0131m gerektirir. Teknoloji altyap\u0131s\u0131ndan dekorasyona kadar her a\u015faman\u0131n profesyonelce y\u00f6netilmesi, etkinli\u011fin ba\u015far\u0131s\u0131n\u0131 art\u0131ran en \u00f6nemli unsurlar aras\u0131nda yer al\u0131r.<\/p>","protected":false},"excerpt":{"rendered":"<p>Fuar Kat\u0131l\u0131mlar\u0131nda Kongreler, Zirveler ve Toplu Firma Standlar\u0131 Nas\u0131l Kurulur? Fuar kat\u0131l\u0131mlar\u0131, firmalar i\u00e7in \u00f6nemli bir pazarlama ve ileti\u015fim platformu sunar. Ancak fuar kat\u0131l\u0131m\u0131 sadece bireysel standlardan ibaret de\u011fildir; kongreler, zirveler ve toplu firma standlar\u0131 gibi b\u00fcy\u00fck \u00f6l\u00e7ekli etkinliklerde yer almak, daha geni\u015f bir kitleye ula\u015fman\u0131z\u0131 ve i\u015f birli\u011fi f\u0131rsatlar\u0131n\u0131 art\u0131rman\u0131z\u0131 sa\u011flar. Bu t\u00fcr organizasyonlar\u0131n&#8230;<\/p>\n","protected":false},"author":2,"featured_media":2478,"comment_status":"open","ping_status":"open","sticky":false,"template":"","format":"standard","meta":{"_joinchat":[],"footnotes":""},"categories":[1],"tags":[74,47,68,71,72,73,70,69],"class_list":["post-2700","post","type-post","status-publish","format-standard","has-post-thumbnail","hentry","category-uncategorized","tag-firma-event-organizasyonu","tag-fuar-organizasyon","tag-kongre-hizmetleri","tag-moduler-stand-hizmetleri","tag-organizasyon-ve-uygulama","tag-otel-organizasyonlari","tag-toplu-fuar-katilimlari","tag-zirve-hizmetleri","th-blog blog-single has-post-thumbnail"],"translation":{"provider":"WPGlobus","version":"3.0.0","language":"ru","enabled_languages":["en","es","de","fr","ru"],"languages":{"en":{"title":true,"content":true,"excerpt":false},"es":{"title":false,"content":false,"excerpt":false},"de":{"title":false,"content":false,"excerpt":false},"fr":{"title":false,"content":false,"excerpt":false},"ru":{"title":false,"content":false,"excerpt":false}}},"yoast_head":"<!-- This site is optimized with the Yoast SEO plugin v24.6 - https:\/\/yoast.com\/wordpress\/plugins\/seo\/ -->\n<title>Fuar Kat\u0131l\u0131mlar\u0131nda Kongreler, Zirveler ve Toplu Firma Standlar\u0131 Nas\u0131l Kurulur? - Vintage Mimarl\u0131k<\/title>\n<meta name=\"robots\" content=\"index, follow, max-snippet:-1, max-image-preview:large, max-video-preview:-1\" \/>\n<link rel=\"canonical\" href=\"https:\/\/vintagemimarlik.com\/2024\/09\/21\/fuar-katilimlarinda-kongreler-zirveler-ve-toplu-firma-standlari-nasil-kurulur\/\" \/>\n<meta property=\"og:locale\" content=\"ru_RU\" \/>\n<meta property=\"og:type\" content=\"article\" \/>\n<meta property=\"og:title\" content=\"Fuar Kat\u0131l\u0131mlar\u0131nda Kongreler, Zirveler ve Toplu Firma Standlar\u0131 Nas\u0131l Kurulur? - Vintage Mimarl\u0131k\" \/>\n<meta property=\"og:url\" content=\"https:\/\/vintagemimarlik.com\/2024\/09\/21\/fuar-katilimlarinda-kongreler-zirveler-ve-toplu-firma-standlari-nasil-kurulur\/\" \/>\n<meta property=\"og:site_name\" content=\"Vintage Mimarl\u0131k\" \/>\n<meta property=\"article:published_time\" content=\"2024-09-21T13:05:06+00:00\" \/>\n<meta property=\"article:modified_time\" content=\"2024-09-21T13:05:08+00:00\" \/>\n<meta property=\"og:image\" content=\"https:\/\/vintagemimarlik.com\/wp-content\/uploads\/2024\/08\/papua2-2.jpg\" \/>\n\t<meta property=\"og:image:width\" content=\"1600\" \/>\n\t<meta property=\"og:image:height\" content=\"900\" \/>\n\t<meta property=\"og:image:type\" content=\"image\/jpeg\" \/>\n<meta name=\"author\" content=\"murat\" \/>\n<meta name=\"twitter:card\" content=\"summary_large_image\" \/>\n<meta name=\"twitter:label1\" content=\"Written by\" \/>\n\t<meta name=\"twitter:data1\" content=\"murat\" \/>\n\t<meta name=\"twitter:label2\" content=\"Est. reading time\" \/>\n\t<meta name=\"twitter:data2\" content=\"6 minutes\" \/>\n<script type=\"application\/ld+json\" class=\"yoast-schema-graph\">{\"@context\":\"https:\/\/schema.org\",\"@graph\":[{\"@type\":\"Article\",\"@id\":\"https:\/\/vintagemimarlik.com\/2024\/09\/21\/fuar-katilimlarinda-kongreler-zirveler-ve-toplu-firma-standlari-nasil-kurulur\/#article\",\"isPartOf\":{\"@id\":\"https:\/\/vintagemimarlik.com\/2024\/09\/21\/fuar-katilimlarinda-kongreler-zirveler-ve-toplu-firma-standlari-nasil-kurulur\/\"},\"author\":{\"name\":\"murat\",\"@id\":\"https:\/\/vintagemimarlik.com\/#\/schema\/person\/4b49be4223d865cd494c1483793a38ab\"},\"headline\":\"Fuar Kat\u0131l\u0131mlar\u0131nda Kongreler, Zirveler ve Toplu Firma Standlar\u0131 Nas\u0131l Kurulur?\",\"datePublished\":\"2024-09-21T13:05:06+00:00\",\"dateModified\":\"2024-09-21T13:05:08+00:00\",\"mainEntityOfPage\":{\"@id\":\"https:\/\/vintagemimarlik.com\/2024\/09\/21\/fuar-katilimlarinda-kongreler-zirveler-ve-toplu-firma-standlari-nasil-kurulur\/\"},\"wordCount\":1365,\"commentCount\":0,\"publisher\":{\"@id\":\"https:\/\/vintagemimarlik.com\/#organization\"},\"image\":{\"@id\":\"https:\/\/vintagemimarlik.com\/2024\/09\/21\/fuar-katilimlarinda-kongreler-zirveler-ve-toplu-firma-standlari-nasil-kurulur\/#primaryimage\"},\"thumbnailUrl\":\"https:\/\/vintagemimarlik.com\/wp-content\/uploads\/2024\/08\/papua2-2.jpg\",\"keywords\":[\"Firma Event Organizasyonu\",\"Fuar Organizasyonu\",\"Kongre Hizmetleri\",\"Mod\u00fcler Stand Hizmetleri\",\"Organizasyon ve Uygulama\",\"Otel Organizasyonlar\u0131\",\"Toplu Fuar Kat\u0131l\u0131mlar\u0131\",\"Zirve Hizmetleri\"],\"inLanguage\":\"ru-RU\",\"potentialAction\":[{\"@type\":\"CommentAction\",\"name\":\"Comment\",\"target\":[\"https:\/\/vintagemimarlik.com\/2024\/09\/21\/fuar-katilimlarinda-kongreler-zirveler-ve-toplu-firma-standlari-nasil-kurulur\/#respond\"]}]},{\"@type\":\"WebPage\",\"@id\":\"https:\/\/vintagemimarlik.com\/2024\/09\/21\/fuar-katilimlarinda-kongreler-zirveler-ve-toplu-firma-standlari-nasil-kurulur\/\",\"url\":\"https:\/\/vintagemimarlik.com\/2024\/09\/21\/fuar-katilimlarinda-kongreler-zirveler-ve-toplu-firma-standlari-nasil-kurulur\/\",\"name\":\"Fuar Kat\u0131l\u0131mlar\u0131nda Kongreler, Zirveler ve Toplu Firma Standlar\u0131 Nas\u0131l Kurulur? - Vintage Mimarl\u0131k\",\"isPartOf\":{\"@id\":\"https:\/\/vintagemimarlik.com\/#website\"},\"primaryImageOfPage\":{\"@id\":\"https:\/\/vintagemimarlik.com\/2024\/09\/21\/fuar-katilimlarinda-kongreler-zirveler-ve-toplu-firma-standlari-nasil-kurulur\/#primaryimage\"},\"image\":{\"@id\":\"https:\/\/vintagemimarlik.com\/2024\/09\/21\/fuar-katilimlarinda-kongreler-zirveler-ve-toplu-firma-standlari-nasil-kurulur\/#primaryimage\"},\"thumbnailUrl\":\"https:\/\/vintagemimarlik.com\/wp-content\/uploads\/2024\/08\/papua2-2.jpg\",\"datePublished\":\"2024-09-21T13:05:06+00:00\",\"dateModified\":\"2024-09-21T13:05:08+00:00\",\"breadcrumb\":{\"@id\":\"https:\/\/vintagemimarlik.com\/2024\/09\/21\/fuar-katilimlarinda-kongreler-zirveler-ve-toplu-firma-standlari-nasil-kurulur\/#breadcrumb\"},\"inLanguage\":\"ru-RU\",\"potentialAction\":[{\"@type\":\"ReadAction\",\"target\":[\"https:\/\/vintagemimarlik.com\/2024\/09\/21\/fuar-katilimlarinda-kongreler-zirveler-ve-toplu-firma-standlari-nasil-kurulur\/\"]}]},{\"@type\":\"ImageObject\",\"inLanguage\":\"ru-RU\",\"@id\":\"https:\/\/vintagemimarlik.com\/2024\/09\/21\/fuar-katilimlarinda-kongreler-zirveler-ve-toplu-firma-standlari-nasil-kurulur\/#primaryimage\",\"url\":\"https:\/\/vintagemimarlik.com\/wp-content\/uploads\/2024\/08\/papua2-2.jpg\",\"contentUrl\":\"https:\/\/vintagemimarlik.com\/wp-content\/uploads\/2024\/08\/papua2-2.jpg\",\"width\":1600,\"height\":900},{\"@type\":\"BreadcrumbList\",\"@id\":\"https:\/\/vintagemimarlik.com\/2024\/09\/21\/fuar-katilimlarinda-kongreler-zirveler-ve-toplu-firma-standlari-nasil-kurulur\/#breadcrumb\",\"itemListElement\":[{\"@type\":\"ListItem\",\"position\":1,\"name\":\"Anasayfa\",\"item\":\"https:\/\/vintagemimarlik.com\/\"},{\"@type\":\"ListItem\",\"position\":2,\"name\":\"Fuar Kat\u0131l\u0131mlar\u0131nda Kongreler, Zirveler ve Toplu Firma Standlar\u0131 Nas\u0131l Kurulur?\"}]},{\"@type\":\"WebSite\",\"@id\":\"https:\/\/vintagemimarlik.com\/#website\",\"url\":\"https:\/\/vintagemimarlik.com\/\",\"name\":\"Vintage Mimarl\u0131k\",\"description\":\"Mimar\u0131 Tasar\u0131m\u0131n Adresi\",\"publisher\":{\"@id\":\"https:\/\/vintagemimarlik.com\/#organization\"},\"potentialAction\":[{\"@type\":\"SearchAction\",\"target\":{\"@type\":\"EntryPoint\",\"urlTemplate\":\"https:\/\/vintagemimarlik.com\/?s={search_term_string}\"},\"query-input\":{\"@type\":\"PropertyValueSpecification\",\"valueRequired\":true,\"valueName\":\"search_term_string\"}}],\"inLanguage\":\"ru-RU\"},{\"@type\":\"Organization\",\"@id\":\"https:\/\/vintagemimarlik.com\/#organization\",\"name\":\"Vintage Mimarl\u0131k\",\"url\":\"https:\/\/vintagemimarlik.com\/\",\"logo\":{\"@type\":\"ImageObject\",\"inLanguage\":\"ru-RU\",\"@id\":\"https:\/\/vintagemimarlik.com\/#\/schema\/logo\/image\/\",\"url\":\"https:\/\/vintagemimarlik.com\/wp-content\/uploads\/2024\/08\/cropped-efba9e2b-1c75-4c19-b685-154d6e8dd21e-removebg-preview-e1724067119183.png\",\"contentUrl\":\"https:\/\/vintagemimarlik.com\/wp-content\/uploads\/2024\/08\/cropped-efba9e2b-1c75-4c19-b685-154d6e8dd21e-removebg-preview-e1724067119183.png\",\"width\":243,\"height\":87,\"caption\":\"Vintage Mimarl\u0131k\"},\"image\":{\"@id\":\"https:\/\/vintagemimarlik.com\/#\/schema\/logo\/image\/\"}},{\"@type\":\"Person\",\"@id\":\"https:\/\/vintagemimarlik.com\/#\/schema\/person\/4b49be4223d865cd494c1483793a38ab\",\"name\":\"murat\",\"image\":{\"@type\":\"ImageObject\",\"inLanguage\":\"ru-RU\",\"@id\":\"https:\/\/vintagemimarlik.com\/#\/schema\/person\/image\/\",\"url\":\"https:\/\/secure.gravatar.com\/avatar\/fa75e531a34e6ce3952e6872e9ce2e3185a9b1264126b42abd5f7d6b43aeed09?s=96&d=mm&r=g\",\"contentUrl\":\"https:\/\/secure.gravatar.com\/avatar\/fa75e531a34e6ce3952e6872e9ce2e3185a9b1264126b42abd5f7d6b43aeed09?s=96&d=mm&r=g\",\"caption\":\"murat\"},\"url\":\"https:\/\/vintagemimarlik.com\/ru\/author\/muratkaya\/\"}]}<\/script>\n<!-- \/ Yoast SEO plugin. -->","yoast_head_json":{"title":"Fuar Kat\u0131l\u0131mlar\u0131nda Kongreler, Zirveler ve Toplu Firma Standlar\u0131 Nas\u0131l Kurulur? - Vintage Mimarl\u0131k","robots":{"index":"index","follow":"follow","max-snippet":"max-snippet:-1","max-image-preview":"max-image-preview:large","max-video-preview":"max-video-preview:-1"},"canonical":"https:\/\/vintagemimarlik.com\/2024\/09\/21\/fuar-katilimlarinda-kongreler-zirveler-ve-toplu-firma-standlari-nasil-kurulur\/","og_locale":"ru_RU","og_type":"article","og_title":"Fuar Kat\u0131l\u0131mlar\u0131nda Kongreler, Zirveler ve Toplu Firma Standlar\u0131 Nas\u0131l Kurulur? - Vintage Mimarl\u0131k","og_url":"https:\/\/vintagemimarlik.com\/2024\/09\/21\/fuar-katilimlarinda-kongreler-zirveler-ve-toplu-firma-standlari-nasil-kurulur\/","og_site_name":"Vintage Mimarl\u0131k","article_published_time":"2024-09-21T13:05:06+00:00","article_modified_time":"2024-09-21T13:05:08+00:00","og_image":[{"width":1600,"height":900,"url":"https:\/\/vintagemimarlik.com\/wp-content\/uploads\/2024\/08\/papua2-2.jpg","type":"image\/jpeg"}],"author":"murat","twitter_card":"summary_large_image","twitter_misc":{"Written by":"murat","Est. reading time":"6 minutes"},"schema":{"@context":"https:\/\/schema.org","@graph":[{"@type":"Article","@id":"https:\/\/vintagemimarlik.com\/2024\/09\/21\/fuar-katilimlarinda-kongreler-zirveler-ve-toplu-firma-standlari-nasil-kurulur\/#article","isPartOf":{"@id":"https:\/\/vintagemimarlik.com\/2024\/09\/21\/fuar-katilimlarinda-kongreler-zirveler-ve-toplu-firma-standlari-nasil-kurulur\/"},"author":{"name":"murat","@id":"https:\/\/vintagemimarlik.com\/#\/schema\/person\/4b49be4223d865cd494c1483793a38ab"},"headline":"Fuar Kat\u0131l\u0131mlar\u0131nda Kongreler, Zirveler ve Toplu Firma Standlar\u0131 Nas\u0131l Kurulur?","datePublished":"2024-09-21T13:05:06+00:00","dateModified":"2024-09-21T13:05:08+00:00","mainEntityOfPage":{"@id":"https:\/\/vintagemimarlik.com\/2024\/09\/21\/fuar-katilimlarinda-kongreler-zirveler-ve-toplu-firma-standlari-nasil-kurulur\/"},"wordCount":1365,"commentCount":0,"publisher":{"@id":"https:\/\/vintagemimarlik.com\/#organization"},"image":{"@id":"https:\/\/vintagemimarlik.com\/2024\/09\/21\/fuar-katilimlarinda-kongreler-zirveler-ve-toplu-firma-standlari-nasil-kurulur\/#primaryimage"},"thumbnailUrl":"https:\/\/vintagemimarlik.com\/wp-content\/uploads\/2024\/08\/papua2-2.jpg","keywords":["Firma Event Organizasyonu","Fuar Organizasyonu","Kongre Hizmetleri","Mod\u00fcler Stand Hizmetleri","Organizasyon ve Uygulama","Otel Organizasyonlar\u0131","Toplu Fuar Kat\u0131l\u0131mlar\u0131","Zirve Hizmetleri"],"inLanguage":"ru-RU","potentialAction":[{"@type":"CommentAction","name":"Comment","target":["https:\/\/vintagemimarlik.com\/2024\/09\/21\/fuar-katilimlarinda-kongreler-zirveler-ve-toplu-firma-standlari-nasil-kurulur\/#respond"]}]},{"@type":"WebPage","@id":"https:\/\/vintagemimarlik.com\/2024\/09\/21\/fuar-katilimlarinda-kongreler-zirveler-ve-toplu-firma-standlari-nasil-kurulur\/","url":"https:\/\/vintagemimarlik.com\/2024\/09\/21\/fuar-katilimlarinda-kongreler-zirveler-ve-toplu-firma-standlari-nasil-kurulur\/","name":"Fuar Kat\u0131l\u0131mlar\u0131nda Kongreler, Zirveler ve Toplu Firma Standlar\u0131 Nas\u0131l Kurulur? - Vintage Mimarl\u0131k","isPartOf":{"@id":"https:\/\/vintagemimarlik.com\/#website"},"primaryImageOfPage":{"@id":"https:\/\/vintagemimarlik.com\/2024\/09\/21\/fuar-katilimlarinda-kongreler-zirveler-ve-toplu-firma-standlari-nasil-kurulur\/#primaryimage"},"image":{"@id":"https:\/\/vintagemimarlik.com\/2024\/09\/21\/fuar-katilimlarinda-kongreler-zirveler-ve-toplu-firma-standlari-nasil-kurulur\/#primaryimage"},"thumbnailUrl":"https:\/\/vintagemimarlik.com\/wp-content\/uploads\/2024\/08\/papua2-2.jpg","datePublished":"2024-09-21T13:05:06+00:00","dateModified":"2024-09-21T13:05:08+00:00","breadcrumb":{"@id":"https:\/\/vintagemimarlik.com\/2024\/09\/21\/fuar-katilimlarinda-kongreler-zirveler-ve-toplu-firma-standlari-nasil-kurulur\/#breadcrumb"},"inLanguage":"ru-RU","potentialAction":[{"@type":"ReadAction","target":["https:\/\/vintagemimarlik.com\/2024\/09\/21\/fuar-katilimlarinda-kongreler-zirveler-ve-toplu-firma-standlari-nasil-kurulur\/"]}]},{"@type":"ImageObject","inLanguage":"ru-RU","@id":"https:\/\/vintagemimarlik.com\/2024\/09\/21\/fuar-katilimlarinda-kongreler-zirveler-ve-toplu-firma-standlari-nasil-kurulur\/#primaryimage","url":"https:\/\/vintagemimarlik.com\/wp-content\/uploads\/2024\/08\/papua2-2.jpg","contentUrl":"https:\/\/vintagemimarlik.com\/wp-content\/uploads\/2024\/08\/papua2-2.jpg","width":1600,"height":900},{"@type":"BreadcrumbList","@id":"https:\/\/vintagemimarlik.com\/2024\/09\/21\/fuar-katilimlarinda-kongreler-zirveler-ve-toplu-firma-standlari-nasil-kurulur\/#breadcrumb","itemListElement":[{"@type":"ListItem","position":1,"name":"Anasayfa","item":"https:\/\/vintagemimarlik.com\/"},{"@type":"ListItem","position":2,"name":"Fuar Kat\u0131l\u0131mlar\u0131nda Kongreler, Zirveler ve Toplu Firma Standlar\u0131 Nas\u0131l Kurulur?"}]},{"@type":"WebSite","@id":"https:\/\/vintagemimarlik.com\/#website","url":"https:\/\/vintagemimarlik.com\/","name":"Vintage Mimarl\u0131k","description":"Mimar\u0131 Tasar\u0131m\u0131n Adresi","publisher":{"@id":"https:\/\/vintagemimarlik.com\/#organization"},"potentialAction":[{"@type":"SearchAction","target":{"@type":"EntryPoint","urlTemplate":"https:\/\/vintagemimarlik.com\/?s={search_term_string}"},"query-input":{"@type":"PropertyValueSpecification","valueRequired":true,"valueName":"search_term_string"}}],"inLanguage":"ru-RU"},{"@type":"Organization","@id":"https:\/\/vintagemimarlik.com\/#organization","name":"Vintage Mimarl\u0131k","url":"https:\/\/vintagemimarlik.com\/","logo":{"@type":"ImageObject","inLanguage":"ru-RU","@id":"https:\/\/vintagemimarlik.com\/#\/schema\/logo\/image\/","url":"https:\/\/vintagemimarlik.com\/wp-content\/uploads\/2024\/08\/cropped-efba9e2b-1c75-4c19-b685-154d6e8dd21e-removebg-preview-e1724067119183.png","contentUrl":"https:\/\/vintagemimarlik.com\/wp-content\/uploads\/2024\/08\/cropped-efba9e2b-1c75-4c19-b685-154d6e8dd21e-removebg-preview-e1724067119183.png","width":243,"height":87,"caption":"Vintage Mimarl\u0131k"},"image":{"@id":"https:\/\/vintagemimarlik.com\/#\/schema\/logo\/image\/"}},{"@type":"Person","@id":"https:\/\/vintagemimarlik.com\/#\/schema\/person\/4b49be4223d865cd494c1483793a38ab","name":"murat","image":{"@type":"ImageObject","inLanguage":"ru-RU","@id":"https:\/\/vintagemimarlik.com\/#\/schema\/person\/image\/","url":"https:\/\/secure.gravatar.com\/avatar\/fa75e531a34e6ce3952e6872e9ce2e3185a9b1264126b42abd5f7d6b43aeed09?s=96&d=mm&r=g","contentUrl":"https:\/\/secure.gravatar.com\/avatar\/fa75e531a34e6ce3952e6872e9ce2e3185a9b1264126b42abd5f7d6b43aeed09?s=96&d=mm&r=g","caption":"murat"},"url":"https:\/\/vintagemimarlik.com\/ru\/author\/muratkaya\/"}]}},"_links":{"self":[{"href":"https:\/\/vintagemimarlik.com\/ru\/wp-json\/wp\/v2\/posts\/2700","targetHints":{"allow":["GET"]}}],"collection":[{"href":"https:\/\/vintagemimarlik.com\/ru\/wp-json\/wp\/v2\/posts"}],"about":[{"href":"https:\/\/vintagemimarlik.com\/ru\/wp-json\/wp\/v2\/types\/post"}],"author":[{"embeddable":true,"href":"https:\/\/vintagemimarlik.com\/ru\/wp-json\/wp\/v2\/users\/2"}],"replies":[{"embeddable":true,"href":"https:\/\/vintagemimarlik.com\/ru\/wp-json\/wp\/v2\/comments?post=2700"}],"version-history":[{"count":1,"href":"https:\/\/vintagemimarlik.com\/ru\/wp-json\/wp\/v2\/posts\/2700\/revisions"}],"predecessor-version":[{"id":2701,"href":"https:\/\/vintagemimarlik.com\/ru\/wp-json\/wp\/v2\/posts\/2700\/revisions\/2701"}],"wp:featuredmedia":[{"embeddable":true,"href":"https:\/\/vintagemimarlik.com\/ru\/wp-json\/wp\/v2\/media\/2478"}],"wp:attachment":[{"href":"https:\/\/vintagemimarlik.com\/ru\/wp-json\/wp\/v2\/media?parent=2700"}],"wp:term":[{"taxonomy":"category","embeddable":true,"href":"https:\/\/vintagemimarlik.com\/ru\/wp-json\/wp\/v2\/categories?post=2700"},{"taxonomy":"post_tag","embeddable":true,"href":"https:\/\/vintagemimarlik.com\/ru\/wp-json\/wp\/v2\/tags?post=2700"}],"curies":[{"name":"wp","href":"https:\/\/api.w.org\/{rel}","templated":true}]}}